   




























































{"id":27930,"date":"2020-07-10T21:13:30","date_gmt":"2020-07-10T21:13:30","guid":{"rendered":"https:\/\/stage.losmejorescolegios.com\/co\/?p=27930"},"modified":"2020-07-10T21:13:30","modified_gmt":"2020-07-10T21:13:30","slug":"conectemos-emociones-con-los-colegios-minuto-de-dios","status":"publish","type":"post","link":"https:\/\/stage.losmejorescolegios.com\/co\/noticias\/conectemos-emociones-con-los-colegios-minuto-de-dios\/","title":{"rendered":"Conectemos emociones con los Colegios Minuto de Dios"},"content":{"rendered":"<p><img fetchpriority=\"high\" decoding=\"async\" src=\"https:\/\/stage.losmejorescolegios.com\/co\/wp-content\/uploads\/sites\/12\/2020\/07\/gimnasio-campestre-san-rafael-colegio-bogota-minuto-de-dios.png\" alt=\"\" width=\"1024\" height=\"576\" class=\"alignnone size-medium wp-image-15526\" title=\"\"><br \/>\n<button class=\"profile-l\" onclick=\"window.location.href = 'https:\/\/stage.losmejorescolegios.com\/co\/colegio\/gimnasio-campestre-san-rafael\/';\">Gimnasio Campestre San Rafael (Tenjo)<\/button><\/p>\n<p>La Corporaci\u00f3n Educativa Minuto de Dios, a trav\u00e9s de la Estrategia Corporativa para la Formaci\u00f3n Integral (ECFI), busca potenciar en sus docentes, estudiantes y padres de familia habilidades que les permitan enfrentar los retos y desaf\u00edos de la vida, promoviendo relaciones sanas y trascendentes.<\/p>\n<p>A trav\u00e9s de esta estrategia han desarrollado diferentes charlas para apoyar a las familias en los retos que ha puesto la situaci\u00f3n actual.<\/p>\n<p>Por esto, el Gimnasio Campestre San Rafael quieren invitarlos a su pr\u00f3xima charla &#8220;Manejo de situaciones propias de la pandemia y su impacto en las din\u00e1micas familiares&#8221;<\/p>\n<p>Este evento se llevar\u00e1 a cabo el viernes 10 de julio del 2020, por Facebook Live (@colegiosminutodedios) a las 3:00p.m.<\/p>\n","protected":false},"excerpt":{"rendered":"<p>La Corporaci\u00f3n Educativa Minuto de Dios, a trav\u00e9s de la Estrategia Corporativa para la Formaci\u00f3n Integral (ECFI), busca potenciar en sus docentes.<\/p>\n","protected":false},"author":1,"featured_media":27931,"comment_status":"closed","ping_status":"closed","sticky":false,"template":"","format":"standard","meta":{"_acf_changed":false,"footnotes":""},"categories":[1592],"tags":[1697],"class_list":["post-27930","post","type-post","status-publish","format-standard","has-post-thumbnail","hentry","category-noticias","tag-gimnasio-campestre-san-rafael-tenjo"],"acf":[],"_links":{"self":[{"href":"https:\/\/stage.losmejorescolegios.com\/co\/wp-json\/wp\/v2\/posts\/27930","targetHints":{"allow":["GET"]}}],"collection":[{"href":"https:\/\/stage.losmejorescolegios.com\/co\/wp-json\/wp\/v2\/posts"}],"about":[{"href":"https:\/\/stage.losmejorescolegios.com\/co\/wp-json\/wp\/v2\/types\/post"}],"author":[{"embeddable":true,"href":"https:\/\/stage.losmejorescolegios.com\/co\/wp-json\/wp\/v2\/users\/1"}],"replies":[{"embeddable":true,"href":"https:\/\/stage.losmejorescolegios.com\/co\/wp-json\/wp\/v2\/comments?post=27930"}],"version-history":[{"count":0,"href":"https:\/\/stage.losmejorescolegios.com\/co\/wp-json\/wp\/v2\/posts\/27930\/revisions"}],"wp:featuredmedia":[{"embeddable":true,"href":"https:\/\/stage.losmejorescolegios.com\/co\/wp-json\/"}],"wp:attachment":[{"href":"https:\/\/stage.losmejorescolegios.com\/co\/wp-json\/wp\/v2\/media?parent=27930"}],"wp:term":[{"taxonomy":"category","embeddable":true,"href":"https:\/\/stage.losmejorescolegios.com\/co\/wp-json\/wp\/v2\/categories?post=27930"},{"taxonomy":"post_tag","embeddable":true,"href":"https:\/\/stage.losmejorescolegios.com\/co\/wp-json\/wp\/v2\/tags?post=27930"}],"curies":[{"name":"wp","href":"https:\/\/api.w.org\/{rel}","templated":true}]}}