   




























































{"id":30215,"date":"2020-08-10T16:33:33","date_gmt":"2020-08-10T21:33:33","guid":{"rendered":"https:\/\/stage.losmejorescolegios.com\/co\/?p=30215"},"modified":"2020-08-10T16:33:33","modified_gmt":"2020-08-10T21:33:33","slug":"el-colegio-san-bartolome-la-merced-reinventa-su-bachillerato","status":"publish","type":"post","link":"https:\/\/stage.losmejorescolegios.com\/co\/noticias\/el-colegio-san-bartolome-la-merced-reinventa-su-bachillerato\/","title":{"rendered":"El Colegio San Bartolom\u00e9 La Merced reinventa su bachillerato"},"content":{"rendered":"<p><img fetchpriority=\"high\" decoding=\"async\" src=\"https:\/\/stage.losmejorescolegios.com\/co\/wp-content\/uploads\/sites\/12\/2020\/08\/colegio-san-bartolome-la-merced-bogota-reinvencion.png\" alt=\"\" width=\"1024\" height=\"576\" class=\"alignnone size-medium wp-image-15526\" title=\"\"><button class=\"profile-l\" onclick=\"window.location.href = 'https:\/\/stage.losmejorescolegios.com\/co\/colegio\/colegio-san-bartolome-de-la-merced\/';\">Colegio San Bartolom\u00e9 la Merced (Bogot\u00e1)<\/button><\/p>\n<p>En la zona de bachillerato del San Bartolom\u00e9 la Merced, desde el pr\u00f3ximo reingreso de los alumnos, se podr\u00e1 ver a algunos estudiantes por los corredores haciendo entrevistas, con sus tablets desarrollando investigaciones, dise\u00f1ando una maqueta para un proyecto o en el bosque elaborando un experimento con 3 profesores de diferentes habilidades.<\/p>\n<p>Los estudiantes ya no asistir\u00e1n a qu\u00edmica, f\u00edsica, ni trigonometr\u00eda, ahora un proyecto integrar\u00e1 los contenidos.<\/p>\n<p>Teniendo en cuenta los interrogantes que surgen por el futuro de la educaci\u00f3n en Colombia y en el mundo, por la aparici\u00f3n del Covid-19, el Colegio San Bartolom\u00e9 La Merced se sigue reinventando, y no precisamente por la pandemia, pues desde ya hace varios a\u00f1os viene trabajando en la propuesta pedag\u00f3gica MAGIS PRO, despu\u00e9s del \u00e9xito del lanzamiento e implementaci\u00f3n de MAGIS 21st para primaria.<\/p>\n<p>MAGIS PRO contempla, desde mucho antes de la enfermedad mundial, una metodolog\u00eda que involucra la virtualidad como complemento al aprendizaje presencial. \u201cNo nos toma por sorpresa el hecho de asumir retos tecnol\u00f3gicos que favorezcan el aprendizaje a distancia, ya que esto es parte de MAGIS PRO\u201d afirma Claudia Sierra, directora acad\u00e9mica del colegio. <\/p>\n<p>MAGIS PRO llega a Bachillerato para completar as\u00ed una propuesta pedag\u00f3gica innovadora integral que permite formar ciudadanos con excelencia humana para el Siglo XXI.  Esta propuesta comprende la formaci\u00f3n a partir de habilidades, donde los conocimientos se adquieren dejando a un lado las metodolog\u00edas habituales para aprender f\u00edsica, qu\u00edmica, trigonometr\u00eda o literatura; ahora los estudiantes aprender\u00e1n en espacios distintos, salones adecuados para favorecer el trabajo colaborativo, en donde contar\u00e1n con m\u00e1s de un profesor en el aula para algunas habilidades, habr\u00e1 salones con pufs, tableros en las paredes y con capacidad para integrar varios cursos en simult\u00e1neo en los que adem\u00e1s se podr\u00e1 acceder a recursos tecnol\u00f3gicos con mayor facilidad. <\/p>\n<p>El colegio se redise\u00f1a para hablar de entornos como: Comunidad Magis, donde un grupo de compa\u00f1eros con intereses comunes construyen conocimiento, habilidades para aprender, saber m\u00e1s flexible y liderazgo Ignaciano, el cual se enfoca en el servicio a los dem\u00e1s. Estos cuatro componentes configuraron un plan de estudios en donde la voz de las familias, maestros y estudiantes se materializ\u00f3: \u201cLa comunidad solicitaba que se diera especial fuerza a la formaci\u00f3n humana, la creaci\u00f3n de experiencias que fortalecieran las habilidades para la vida, tales como socializaci\u00f3n, empat\u00eda, compromiso y solidaridad; aquellas habilidades que permiten al ser humano establecer relaciones arm\u00f3nicas con \u00e9l mismo, con los otros y con su entorno\u201d afirma Claudia Sierra.  <\/p>\n<p>Desde agosto, el bachillerato se centrar\u00e1 en el desarrollo de capacidades y habilidades, exponiendo as\u00ed a los j\u00f3venes a experiencias que les ayudar\u00e1n a construir su futuro pr\u00f3ximo &#8211; proyecto de vida &#8211; Se emplear\u00e1n metodolog\u00edas de resoluci\u00f3n de problemas, estudios de caso, dilemas y experienciales para un entorno virtual. En este aspecto cobra vital importancia el PARADIGMA PEDAG\u00d3GICO IGNACIANO, como elemento fundante de la propuesta Educativa de la Compa\u00f1\u00eda de Jes\u00fas, el trabajo colaborativo, la b\u00fasqueda de fuentes que permitan al bartolino experimentar, construir, desarrollar su creatividad, en s\u00edntesis: ser gestores de su aprendizaje.<\/p>\n<p>El inter\u00e9s fundamental est\u00e1 en el desarrollo de los atributos de la autonom\u00eda: auto gesti\u00f3n, auto control y auto regulaci\u00f3n, que le permitan a los ni\u00f1os y j\u00f3venes extraer aprendizajes que forjen su actuar y que los gu\u00ede hacia la independencia responsable a trav\u00e9s de toma de decisiones fundamentadas.<\/p>\n<p>Por otro lado, se dise\u00f1\u00f3 una escuela con un alto contenido de experiencias Solo-learning, que implican el uso de herramientas digitales que desde la autonom\u00eda, en la construcci\u00f3n del conocimiento, lleva a trav\u00e9s de la modalidad blended  y flipped learning que consiste en transformar  las aulas en laboratorios de conocimiento, en donde la informaci\u00f3n y el contenido de los saberes disciplinares reposar\u00e1n en la nube y el estudiante, con la orientaci\u00f3n del maestro, construye su aprendizaje, desarrollando el pensamiento cr\u00edtico &#8211; reflexivo para asumir la comprensi\u00f3n del mundo y la construcci\u00f3n de nuevo conocimiento.<\/p>\n<p>De acuerdo con Sierra, \u201cestamos absolutamente preparados para enfrentar la situaci\u00f3n con una propuesta dise\u00f1ada previamente, con sentido y que nos permite ser pioneros en la implementaci\u00f3n de metodolog\u00edas innovadoras del sistema educativo en nuestro pa\u00eds, entendiendo que, as\u00ed como muchos sectores se han reinventado para permanecer vigentes, la educaci\u00f3n tambi\u00e9n necesita reinventarse, pero no por una pandemia, sino porque los ni\u00f1os y j\u00f3venes que hemos educado de manera tradicional saldr\u00e1n a vivir una realidad que requiere de ellos una formaci\u00f3n diferente,  que los haga competentes para los retos del siglo XXI a corto y largo plazo. Por esta raz\u00f3n existe Magis Pro. Adem\u00e1s, en tiempos de cuarentena, respondemos con una propuesta educativa innovadora, sin duda cuando todo pase la Educaci\u00f3n no ser\u00e1 la misma y San Bartolo est\u00e1 listo para continuar su lectura de los tiempos.&#8221;<\/p>\n<p>Enlaces Relacionados:<\/p>\n<p>Nota en el noticiero del Canal Capital, emisi\u00f3n del martes 28 de julio de 2020 #NoticiasCapital<\/p>\n<p><a href=\"https:\/\/youtu.be\/rNhEax-tGAo\" rel=\"noopener\" target=\"_blank\">https:\/\/youtu.be\/rNhEax-tGAo<\/a><\/p>\n<p>Nota en RCN Radio &#8211; emitida el s\u00e1bado 1 de agosto de 2020:<\/p>\n<p><a href=\"https:\/\/soundcloud.com\/colegiosblm-oficial\/nota-rcn-radio-magis-pro\" rel=\"noopener\" target=\"_blank\">https:\/\/soundcloud.com\/colegiosblm-oficial\/nota-rcn-radio-magis-pro<\/a><\/p>\n<p>Nota en la Emisora del Ej\u00e9rcito Nacional. Fecha de emisi\u00f3n: lunes 27 de julio de 2020<\/p>\n<p><a href=\"https:\/\/soundcloud.com\/colegiosblm-oficial\/nota-magis-pro-emisora-del-ejercito-nacional\" rel=\"noopener\" target=\"_blank\">https:\/\/soundcloud.com\/colegiosblm-oficial\/nota-magis-pro-emisora-del-ejercito-nacional<\/a><\/p>\n<p>Menci\u00f3n en art\u00edculo de la revista Portafolio &#8211; 23 de julio de 2020<\/p>\n<p><a href=\"https:\/\/www.portafolio.co\/tendencias\/educacion-se-perfila-para-el-modelo-virtual-el-resto-de-ano-542942?fbclid=IwAR21myozcQO5Ky9vmMKwrB16f3hMDQrqBd5zhfEryyQxN0nPbxq5DAGf1JI\" rel=\"noopener\" target=\"_blank\">https:\/\/www.portafolio.co\/tendencias\/educacion-se-perfila-para-el-modelo-virtual-el-resto-de-ano-542942?fbclid=IwAR21myozcQO5Ky9vmMKwrB16f3hMDQrqBd5zhfEryyQxN0nPbxq5DAGf1JI<\/a> <\/p>\n","protected":false},"excerpt":{"rendered":"<p>En la zona de bachillerato del San Bartolom\u00e9 la Merced, desde el pr\u00f3ximo reingreso de los alumnos, se podr\u00e1 ver a algunos estudiantes por los corredores haciendo entrevistas, con sus tablets desarrollando investigaciones.<\/p>\n","protected":false},"author":1,"featured_media":30216,"comment_status":"closed","ping_status":"closed","sticky":false,"template":"","format":"standard","meta":{"_acf_changed":false,"footnotes":""},"categories":[1592],"tags":[1876],"class_list":["post-30215","post","type-post","status-publish","format-standard","has-post-thumbnail","hentry","category-noticias","tag-colegio-san-bartolome-de-la-merced"],"acf":[],"_links":{"self":[{"href":"https:\/\/stage.losmejorescolegios.com\/co\/wp-json\/wp\/v2\/posts\/30215","targetHints":{"allow":["GET"]}}],"collection":[{"href":"https:\/\/stage.losmejorescolegios.com\/co\/wp-json\/wp\/v2\/posts"}],"about":[{"href":"https:\/\/stage.losmejorescolegios.com\/co\/wp-json\/wp\/v2\/types\/post"}],"author":[{"embeddable":true,"href":"https:\/\/stage.losmejorescolegios.com\/co\/wp-json\/wp\/v2\/users\/1"}],"replies":[{"embeddable":true,"href":"https:\/\/stage.losmejorescolegios.com\/co\/wp-json\/wp\/v2\/comments?post=30215"}],"version-history":[{"count":0,"href":"https:\/\/stage.losmejorescolegios.com\/co\/wp-json\/wp\/v2\/posts\/30215\/revisions"}],"wp:featuredmedia":[{"embeddable":true,"href":"https:\/\/stage.losmejorescolegios.com\/co\/wp-json\/"}],"wp:attachment":[{"href":"https:\/\/stage.losmejorescolegios.com\/co\/wp-json\/wp\/v2\/media?parent=30215"}],"wp:term":[{"taxonomy":"category","embeddable":true,"href":"https:\/\/stage.losmejorescolegios.com\/co\/wp-json\/wp\/v2\/categories?post=30215"},{"taxonomy":"post_tag","embeddable":true,"href":"https:\/\/stage.losmejorescolegios.com\/co\/wp-json\/wp\/v2\/tags?post=30215"}],"curies":[{"name":"wp","href":"https:\/\/api.w.org\/{rel}","templated":true}]}}