   




























































{"id":31816,"date":"2020-09-15T10:47:14","date_gmt":"2020-09-15T15:47:14","guid":{"rendered":"https:\/\/stage.losmejorescolegios.com\/co\/?p=31816"},"modified":"2020-09-15T10:47:14","modified_gmt":"2020-09-15T15:47:14","slug":"ciudad-educadora","status":"publish","type":"post","link":"https:\/\/stage.losmejorescolegios.com\/co\/noticias\/ciudad-educadora\/","title":{"rendered":"Ciudad Educadora"},"content":{"rendered":"<p><img fetchpriority=\"high\" decoding=\"async\" class=\"alignnone size-medium wp-image-15526\" src=\"https:\/\/stage.losmejorescolegios.com\/co\/wp-content\/uploads\/sites\/12\/2020\/09\/colegio-espiritu-santo-villavicencio-ciudad-educadora.png\" alt=\"\" width=\"1024\" height=\"576\" title=\"\"><button class=\"profile-l\" onclick=\"window.location.href = 'https:\/\/stage.losmejorescolegios.com\/co\/colegio\/colegio-espiritu-santo\/';\">Colegio Esp\u00edritu Santo (Villavicencio)<\/button><\/p>\n<p>Tras 40 a\u00f1os educando a las nuevas generaciones, el Colegio Esp\u00edritu Santo de Villavicencio env\u00eda un emotivo mensaje a su comunidad agradeciendo por ser parte de su pasado e invit\u00e1ndolos a seguir siendo parte de su futuro, por su lanzamiento de la Ciudad Educadora realizado el pasado 10 de septiembre.   <\/p>\n<p>Para m\u00e1s informaci\u00f3n ingresa a <a href=\"http:\/\/www.ciudadeducadora.com\" rel=\"noopener\" target=\"_blank\">www.ciudadeducadora.com<\/a><\/p>\n<div class=\"videoyt\"><iframe class=\"iframe\" width=\"720\" height=\"405\" src=\"https:\/\/www.youtube.com\/embed\/gzdsaVRlCLg?disablekb=1&#038;enablejsapi=1&#038;hl=es&#038;loop=1&#038;modestbranding=1&#038;playsinline=1&#038;color=white&#038;iv_load_policy=3&#038;rel=0\" frameborder=\"0\" allow=\"autoplay; encrypted-media\" allowfullscreen><\/iframe><\/div>\n","protected":false},"excerpt":{"rendered":"<p>Tras 40 a\u00f1os educando a las nuevas generaciones, el Colegio Esp\u00edritu Santo de Villavicencio env\u00eda un emotivo mensaje a su comunidad agradeciendo.  <\/p>\n","protected":false},"author":1,"featured_media":31817,"comment_status":"closed","ping_status":"closed","sticky":false,"template":"","format":"standard","meta":{"_acf_changed":false,"footnotes":""},"categories":[1592],"tags":[1890],"class_list":["post-31816","post","type-post","status-publish","format-standard","has-post-thumbnail","hentry","category-noticias","tag-colegio-espiritu-santo-villavicencio"],"acf":[],"_links":{"self":[{"href":"https:\/\/stage.losmejorescolegios.com\/co\/wp-json\/wp\/v2\/posts\/31816","targetHints":{"allow":["GET"]}}],"collection":[{"href":"https:\/\/stage.losmejorescolegios.com\/co\/wp-json\/wp\/v2\/posts"}],"about":[{"href":"https:\/\/stage.losmejorescolegios.com\/co\/wp-json\/wp\/v2\/types\/post"}],"author":[{"embeddable":true,"href":"https:\/\/stage.losmejorescolegios.com\/co\/wp-json\/wp\/v2\/users\/1"}],"replies":[{"embeddable":true,"href":"https:\/\/stage.losmejorescolegios.com\/co\/wp-json\/wp\/v2\/comments?post=31816"}],"version-history":[{"count":0,"href":"https:\/\/stage.losmejorescolegios.com\/co\/wp-json\/wp\/v2\/posts\/31816\/revisions"}],"wp:featuredmedia":[{"embeddable":true,"href":"https:\/\/stage.losmejorescolegios.com\/co\/wp-json\/"}],"wp:attachment":[{"href":"https:\/\/stage.losmejorescolegios.com\/co\/wp-json\/wp\/v2\/media?parent=31816"}],"wp:term":[{"taxonomy":"category","embeddable":true,"href":"https:\/\/stage.losmejorescolegios.com\/co\/wp-json\/wp\/v2\/categories?post=31816"},{"taxonomy":"post_tag","embeddable":true,"href":"https:\/\/stage.losmejorescolegios.com\/co\/wp-json\/wp\/v2\/tags?post=31816"}],"curies":[{"name":"wp","href":"https:\/\/api.w.org\/{rel}","templated":true}]}}